{"id":5516,"__str__":"Indica\u00e7\u00e3o n\u00ba 917 de 2025","link_detail_backend":"/materia/5516","metadata":{},"numero":917,"ano":2025,"numero_protocolo":922,"data_apresentacao":"2025-09-26","tipo_apresentacao":"","data_publicacao":null,"numero_origem_externa":"","ano_origem_externa":null,"data_origem_externa":null,"apelido":"","dias_prazo":null,"data_fim_prazo":null,"em_tramitacao":false,"polemica":false,"objeto":"","complementar":false,"ementa":"Solicito ao Poder Executivo Municipal, por meio da Secretaria Municipal de Sa\u00fade, a realiza\u00e7\u00e3o de uma campanha de conscientiza\u00e7\u00e3o, preven\u00e7\u00e3o e intensifica\u00e7\u00e3o da vacina\u00e7\u00e3o contra o sarampo em Primavera do Leste.","indexacao":"","observacao":"","resultado":"","texto_original":"http://sapl.primaveradoleste.mt.leg.br/media/sapl/public/materialegislativa/2025/5516/sarampo.pdf","data_ultima_atualizacao":"2025-10-10T08:28:49.780395-04:00","ip":"","ultima_edicao":null,"tipo":18,"regime_tramitacao":1,"tipo_origem_externa":null,"local_origem_externa":null,"user":null,"anexadas":[],"autores":[123]}