{"id":5494,"__str__":"Indica\u00e7\u00e3o n\u00ba 903 de 2025","link_detail_backend":"/materia/5494","metadata":{"signs":{"texto_original":{"admin":[],"autores":[["Marcondes Martignago",["2025-09-17T23:59:01-03:00","Gov-Br"]]]}}},"numero":903,"ano":2025,"numero_protocolo":908,"data_apresentacao":"2025-09-23","tipo_apresentacao":"","data_publicacao":null,"numero_origem_externa":"","ano_origem_externa":null,"data_origem_externa":null,"apelido":"","dias_prazo":null,"data_fim_prazo":null,"em_tramitacao":false,"polemica":false,"objeto":"","complementar":false,"ementa":"sejam tomadas provid\u00eancias judiciais urgentes, insistentes e s\u00e9rias,quanto a Libera\u00e7\u00e3o do Estacionamento P\u00fablico localizado no P\u00e1tio da Prefeitura\r\nMunicipal para uso da mesma, liberando espa\u00e7o de igual tamanho, para estacionamento da comunidade primaverense, evitando impacto negativo para a administra\u00e7\u00e3o e indigna\u00e7\u00e3o e transtornos para a popula\u00e7\u00e3o","indexacao":"","observacao":"","resultado":"","texto_original":"http://sapl.primaveradoleste.mt.leg.br/media/sapl/public/materialegislativa/2025/5494/indica_ao_prefeito_providencias_judiciais2c_urgentes_para_libewracao_do_estacionamento_ao_lado_prefeitura._assinado.pdf","data_ultima_atualizacao":"2025-10-29T08:19:32.175408-04:00","ip":"","ultima_edicao":null,"tipo":18,"regime_tramitacao":1,"tipo_origem_externa":null,"local_origem_externa":null,"user":null,"anexadas":[],"autores":[129]}