{"id":5357,"__str__":"Indica\u00e7\u00e3o n\u00ba 813 de 2025","link_detail_backend":"/materia/5357","metadata":{"signs":{"texto_original":{"admin":[],"autores":[["Gislaine Alves Yamashita",["2025-08-28T11:56:47-03:00","ICP-Brasil"]]]}}},"numero":813,"ano":2025,"numero_protocolo":818,"data_apresentacao":"2025-08-28","tipo_apresentacao":"","data_publicacao":null,"numero_origem_externa":"","ano_origem_externa":null,"data_origem_externa":null,"apelido":"","dias_prazo":null,"data_fim_prazo":null,"em_tramitacao":false,"polemica":false,"objeto":"","complementar":false,"ementa":"Parceria com a OAB/MT para a implementa\u00e7\u00e3o, em nosso munic\u00edpio, do Servi\u00e7o de Atendimento a Advogadas V\u00edtimas de Viol\u00eancia Dom\u00e9stica ou Viol\u00eancia de G\u00eanero, inspirado no projeto j\u00e1 lan\u00e7ado em \u00e2mbito estadual.","indexacao":"","observacao":"","resultado":"","texto_original":"http://sapl.primaveradoleste.mt.leg.br/media/sapl/public/materialegislativa/2025/5357/ind._68_-_parceria_oab_para_vitimas_de_violencia_domestica.pdf","data_ultima_atualizacao":"2025-09-02T11:15:28.604934-04:00","ip":"","ultima_edicao":null,"tipo":18,"regime_tramitacao":1,"tipo_origem_externa":null,"local_origem_externa":null,"user":null,"anexadas":[],"autores":[126]}