{"id":5337,"__str__":"Indica\u00e7\u00e3o n\u00ba 798 de 2025","link_detail_backend":"/materia/5337","metadata":{"signs":{"texto_original":{"admin":[],"autores":[["Marcondes Martignago",["2025-08-26T12:31:41-03:00","Gov-Br"]]]}}},"numero":798,"ano":2025,"numero_protocolo":804,"data_apresentacao":"2025-08-27","tipo_apresentacao":"","data_publicacao":null,"numero_origem_externa":"","ano_origem_externa":null,"data_origem_externa":null,"apelido":"","dias_prazo":null,"data_fim_prazo":null,"em_tramitacao":false,"polemica":false,"objeto":"","complementar":false,"ementa":"adotadas as provid\u00eancias necess\u00e1rias e no momento certo, para a realiza\u00e7\u00e3o de manuten\u00e7\u00e3o e o conserto de todas as Ambul\u00e2ncias que comp\u00f5em a frota do munic\u00edpio, garantindo sua plena operacionalidade e seguran\u00e7a, para o atendimento aos pacientes.","indexacao":"","observacao":"","resultado":"","texto_original":"http://sapl.primaveradoleste.mt.leg.br/media/sapl/public/materialegislativa/2025/5337/indica_a_manutencao_e_reforma_constantes_de_ambulancias_da_frota_municipal._assinado.pdf","data_ultima_atualizacao":"2025-09-02T11:17:19.919594-04:00","ip":"","ultima_edicao":null,"tipo":18,"regime_tramitacao":1,"tipo_origem_externa":null,"local_origem_externa":null,"user":null,"anexadas":[],"autores":[129]}