{"id":5333,"__str__":"Indica\u00e7\u00e3o n\u00ba 794 de 2025","link_detail_backend":"/materia/5333","metadata":{"signs":{"texto_original":{"admin":[],"autores":[["Lucas Telles dos Passos",["2025-08-26T13:35:33-03:00","Gov-Br"]]]}}},"numero":794,"ano":2025,"numero_protocolo":800,"data_apresentacao":"2025-08-27","tipo_apresentacao":"","data_publicacao":null,"numero_origem_externa":"","ano_origem_externa":null,"data_origem_externa":null,"apelido":"","dias_prazo":null,"data_fim_prazo":null,"em_tramitacao":false,"polemica":false,"objeto":"","complementar":false,"ementa":"Solicita a constru\u00e7\u00e3o de um redutor de velocidade e a instala\u00e7\u00e3o de sinaliza\u00e7\u00e3o adequada na Avenida Primavera, esquina com a rua Mil\u00e3o.","indexacao":"","observacao":"","resultado":"","texto_original":"http://sapl.primaveradoleste.mt.leg.br/media/sapl/public/materialegislativa/2025/5333/indicacao_sinalizacao_av_primavera_28329_assinado.pdf","data_ultima_atualizacao":"2025-09-02T11:13:45.421002-04:00","ip":"","ultima_edicao":null,"tipo":18,"regime_tramitacao":1,"tipo_origem_externa":null,"local_origem_externa":null,"user":null,"anexadas":[],"autores":[125]}