{"id":5332,"__str__":"Indica\u00e7\u00e3o n\u00ba 793 de 2025","link_detail_backend":"/materia/5332","metadata":{"signs":{"texto_original":{"admin":[],"autores":[["Lucas Telles dos Passos",["2025-08-26T12:36:04-03:00","Gov-Br"]]]}}},"numero":793,"ano":2025,"numero_protocolo":799,"data_apresentacao":"2025-08-27","tipo_apresentacao":"","data_publicacao":null,"numero_origem_externa":"","ano_origem_externa":null,"data_origem_externa":null,"apelido":"","dias_prazo":null,"data_fim_prazo":null,"em_tramitacao":false,"polemica":false,"objeto":"","complementar":false,"ementa":"Solicita a cria\u00e7\u00e3o de mais op\u00e7\u00f5es de divers\u00e3o na Pra\u00e7a do Bairro Guterrez, tais como brinquedos infantis, circuitos inteligentes, chafariz\r\ninterativo, espa\u00e7os de conviv\u00eancia e demais estruturas que incentivem a pr\u00e1tica esportiva, o lazer e a socializa\u00e7\u00e3o das fam\u00edlias.","indexacao":"","observacao":"","resultado":"","texto_original":"http://sapl.primaveradoleste.mt.leg.br/media/sapl/public/materialegislativa/2025/5332/indicacao_diversao_praca_guterrez_assinado.pdf","data_ultima_atualizacao":"2025-09-02T11:13:37.450190-04:00","ip":"","ultima_edicao":null,"tipo":18,"regime_tramitacao":1,"tipo_origem_externa":null,"local_origem_externa":null,"user":null,"anexadas":[],"autores":[125]}