{"id":5307,"__str__":"Indica\u00e7\u00e3o n\u00ba 778 de 2025","link_detail_backend":"/materia/5307","metadata":{"signs":{"texto_original":{"admin":[],"autores":[["Marcondes Martignago",["2025-08-20T11:25:25-03:00","Gov-Br"]]]}}},"numero":778,"ano":2025,"numero_protocolo":784,"data_apresentacao":"2025-08-21","tipo_apresentacao":"","data_publicacao":null,"numero_origem_externa":"","ano_origem_externa":null,"data_origem_externa":null,"apelido":"","dias_prazo":null,"data_fim_prazo":null,"em_tramitacao":false,"polemica":false,"objeto":"","complementar":false,"ementa":"Indica a necessidade de Instala\u00e7\u00e3o de Lixeiras em locais estrat\u00e9gicos, nas margens da Pista de Caminhada no entorno do Lago Municipal V\u00f4 Pedro Viana.","indexacao":"","observacao":"","resultado":"","texto_original":"http://sapl.primaveradoleste.mt.leg.br/media/sapl/public/materialegislativa/2025/5307/indica_a_instalacao_de_lixeiras_ao_longo_da_pista_de_caminhada_do_lago_vo_pedro_viana._assinado.pdf","data_ultima_atualizacao":"2025-09-02T11:17:04.265120-04:00","ip":"","ultima_edicao":null,"tipo":18,"regime_tramitacao":1,"tipo_origem_externa":null,"local_origem_externa":null,"user":null,"anexadas":[],"autores":[129]}