{"id":5304,"__str__":"Indica\u00e7\u00e3o n\u00ba 775 de 2025","link_detail_backend":"/materia/5304","metadata":{},"numero":775,"ano":2025,"numero_protocolo":781,"data_apresentacao":"2025-08-21","tipo_apresentacao":"","data_publicacao":null,"numero_origem_externa":"","ano_origem_externa":null,"data_origem_externa":null,"apelido":"","dias_prazo":null,"data_fim_prazo":null,"em_tramitacao":false,"polemica":false,"objeto":"","complementar":false,"ementa":"Que os profissionais pedagogos afastados sejam submetidos a programa de capacita\u00e7\u00e3o espec\u00edfico, de modo a exercerem atividades pedag\u00f3gicas compat\u00edveis com suas limita\u00e7\u00f5es, com prioridade para a atua\u00e7\u00e3o no Atendimento Educacional Especializado (AEE), em especial no acompanhamento de alunos com defici\u00eancia e transtorno do espectro autista.","indexacao":"","observacao":"","resultado":"","texto_original":"http://sapl.primaveradoleste.mt.leg.br/media/sapl/public/materialegislativa/2025/5304/indicacao_para_que_os_pedagogos_afastados.pdf","data_ultima_atualizacao":"2025-08-25T12:36:58.548832-04:00","ip":"","ultima_edicao":null,"tipo":18,"regime_tramitacao":1,"tipo_origem_externa":null,"local_origem_externa":null,"user":null,"anexadas":[],"autores":[125]}