{"id":5287,"__str__":"Indica\u00e7\u00e3o n\u00ba 762 de 2025","link_detail_backend":"/materia/5287","metadata":{},"numero":762,"ano":2025,"numero_protocolo":768,"data_apresentacao":"2025-08-15","tipo_apresentacao":"","data_publicacao":null,"numero_origem_externa":"","ano_origem_externa":null,"data_origem_externa":null,"apelido":"","dias_prazo":null,"data_fim_prazo":null,"em_tramitacao":false,"polemica":false,"objeto":"","complementar":false,"ementa":"Solicito a revitaliza\u00e7\u00e3o da faixa de pedestres existente sobre a faixa elevada, localizada na Rua Rio de Janeiro, esquina com a Avenida S\u00e3o Jo\u00e3o, em frente ao Centro de Especialidades M\u00e9dicas Osvaldo Cruz, neste munic\u00edpio.","indexacao":"","observacao":"","resultado":"","texto_original":"http://sapl.primaveradoleste.mt.leg.br/media/sapl/public/materialegislativa/2025/5287/faixa_de_pedestres.pdf","data_ultima_atualizacao":"2025-09-02T11:15:48.886448-04:00","ip":"","ultima_edicao":null,"tipo":18,"regime_tramitacao":1,"tipo_origem_externa":null,"local_origem_externa":null,"user":null,"anexadas":[],"autores":[123]}