{"id":5187,"__str__":"Projeto de Lei Ordin\u00e1ria n\u00ba 1745 de 2025","link_detail_backend":"/materia/5187","metadata":{},"numero":1745,"ano":2025,"numero_protocolo":null,"data_apresentacao":"2025-07-22","tipo_apresentacao":"E","data_publicacao":null,"numero_origem_externa":"","ano_origem_externa":null,"data_origem_externa":null,"apelido":"","dias_prazo":null,"data_fim_prazo":null,"em_tramitacao":false,"polemica":false,"objeto":"","complementar":false,"ementa":"Disp\u00f5e sobre a obrigatoriedade de disponibiliza\u00e7\u00e3o de cadeiras adaptadas para pessoas com Defici\u00eancia, Obesos e Canhotos nas institui\u00e7\u00f5es de ensino\r\nlocalizadas no munic\u00edpio de Primavera do Leste, e d\u00e1 outras provid\u00eancias.","indexacao":"","observacao":"","resultado":"","texto_original":"http://sapl.primaveradoleste.mt.leg.br/media/sapl/public/materialegislativa/2025/5187/projeto_de_lei_no_1745_de_2025.pdf","data_ultima_atualizacao":"2025-10-01T12:28:55.675390-04:00","ip":"200.11.14.134","ultima_edicao":"2025-07-22T10:43:35.042571-04:00","tipo":19,"regime_tramitacao":1,"tipo_origem_externa":null,"local_origem_externa":null,"user":65,"anexadas":[],"autores":[122]}