{"id":511,"__str__":"Projeto de Lei Ordin\u00e1ria n\u00ba 900 de 2018","link_detail_backend":"/materia/511","metadata":{},"numero":900,"ano":2018,"numero_protocolo":null,"data_apresentacao":"2018-09-27","tipo_apresentacao":"E","data_publicacao":null,"numero_origem_externa":"","ano_origem_externa":null,"data_origem_externa":null,"apelido":"","dias_prazo":null,"data_fim_prazo":null,"em_tramitacao":false,"polemica":null,"objeto":"","complementar":null,"ementa":"\"TRATA DE CRIA\u00c7\u00c3O E EXTIN\u00c7\u00c3O DE\r\nCARGOS EFETIVOS E COMISSIONADOS\r\nDO PODER EXECUTIVO E D\u00c1 OUTRAS\r\nPROVID\u00caNCIAS\".","indexacao":"","observacao":"","resultado":"","texto_original":"http://sapl.primaveradoleste.mt.leg.br/media/sapl/public/materialegislativa/2018/511/pl-900-2018.pdf","data_ultima_atualizacao":"2019-07-08T12:32:50.358410-04:00","ip":"200.11.14.146","ultima_edicao":null,"tipo":19,"regime_tramitacao":2,"tipo_origem_externa":null,"local_origem_externa":null,"user":18,"anexadas":[],"autores":[30]}