{"id":4939,"__str__":"Projeto de Decreto Legislativo n\u00ba 2 de 2025","link_detail_backend":"/materia/4939","metadata":{},"numero":2,"ano":2025,"numero_protocolo":null,"data_apresentacao":"2025-05-27","tipo_apresentacao":"E","data_publicacao":null,"numero_origem_externa":"","ano_origem_externa":null,"data_origem_externa":null,"apelido":"","dias_prazo":null,"data_fim_prazo":null,"em_tramitacao":false,"polemica":false,"objeto":"","complementar":false,"ementa":"Concede Homenagem aos Pastores Evang\u00e9licos do Munic\u00edpio de Primavera do Leste-MT, alusiva a comemora\u00e7\u00e3o ao Dia Municipal do Pastor Evang\u00e9lico 2025.","indexacao":"","observacao":"","resultado":"","texto_original":"http://sapl.primaveradoleste.mt.leg.br/media/sapl/public/materialegislativa/2025/4939/projeto_de_decreto_legislativo_002_de_2025.pdf","data_ultima_atualizacao":"2025-06-12T10:26:47.068544-04:00","ip":"200.11.14.134","ultima_edicao":"2025-05-27T09:48:21.498141-04:00","tipo":27,"regime_tramitacao":1,"tipo_origem_externa":null,"local_origem_externa":null,"user":65,"anexadas":[],"autores":[46,126,139,123,124,99,122,129,121,128,104,125,102,127,78]}