{"id":4736,"__str__":"Projeto de Lei Ordin\u00e1ria n\u00ba 1691 de 2025","link_detail_backend":"/materia/4736","metadata":{},"numero":1691,"ano":2025,"numero_protocolo":null,"data_apresentacao":"2025-04-14","tipo_apresentacao":"E","data_publicacao":null,"numero_origem_externa":"","ano_origem_externa":null,"data_origem_externa":null,"apelido":"","dias_prazo":null,"data_fim_prazo":null,"em_tramitacao":false,"polemica":false,"objeto":"","complementar":false,"ementa":"Disp\u00f5e sobre o Programa Primeiro Emprego no \u00e2mbito do munic\u00edpio de Primavera do Leste, e d\u00e1 outras provid\u00eancias.","indexacao":"","observacao":"","resultado":"","texto_original":"http://sapl.primaveradoleste.mt.leg.br/media/sapl/public/materialegislativa/2025/4736/projeto_de_lei_no_1691_de_2025.pdf","data_ultima_atualizacao":"2025-10-15T10:54:29.201787-04:00","ip":"200.11.14.134","ultima_edicao":"2025-04-15T08:04:23.705595-04:00","tipo":19,"regime_tramitacao":1,"tipo_origem_externa":null,"local_origem_externa":null,"user":65,"anexadas":[],"autores":[122,128]}