{"id":4726,"__str__":"Indica\u00e7\u00e3o n\u00ba 335 de 2025","link_detail_backend":"/materia/4726","metadata":{"signs":{"texto_original":{"admin":[],"autores":[["Rafael Pereira de Abreu",["2025-04-10T13:28:14-03:00","Gov-Br"]]]}}},"numero":335,"ano":2025,"numero_protocolo":340,"data_apresentacao":"2025-04-10","tipo_apresentacao":"","data_publicacao":null,"numero_origem_externa":"","ano_origem_externa":null,"data_origem_externa":null,"apelido":"","dias_prazo":null,"data_fim_prazo":null,"em_tramitacao":false,"polemica":false,"objeto":"","complementar":false,"ementa":"\u201cSolicito a aquisi\u00e7\u00e3o de mais um ve\u00edculo para o Programa Melhor Em Casa.\u201d","indexacao":"","observacao":"","resultado":"","texto_original":"http://sapl.primaveradoleste.mt.leg.br/media/sapl/public/materialegislativa/2025/4726/mais_um_veiculo_para_o_programa_melhor_em_casa.__assinado.pdf","data_ultima_atualizacao":"2025-04-14T11:26:48.836492-04:00","ip":"","ultima_edicao":null,"tipo":18,"regime_tramitacao":1,"tipo_origem_externa":null,"local_origem_externa":null,"user":null,"anexadas":[],"autores":[104]}