{"id":4716,"__str__":"Indica\u00e7\u00e3o n\u00ba 325 de 2025","link_detail_backend":"/materia/4716","metadata":{"signs":{"texto_original":{"admin":[],"autores":[["Uberdan Junior Moesch",["2025-04-09T12:14:50-03:00","Gov-Br"]]]}}},"numero":325,"ano":2025,"numero_protocolo":330,"data_apresentacao":"2025-04-10","tipo_apresentacao":"","data_publicacao":null,"numero_origem_externa":"","ano_origem_externa":null,"data_origem_externa":null,"apelido":"","dias_prazo":null,"data_fim_prazo":null,"em_tramitacao":false,"polemica":false,"objeto":"","complementar":false,"ementa":"Solicito a instala\u00e7\u00e3o de Placas de sinaliza\u00e7\u00e3o de tr\u00e2nsito e placas de identifica\u00e7\u00e3o de logradouros (ruas) para os Bairros Buritis I, II, III, IV e V.","indexacao":"","observacao":"","resultado":"","texto_original":"http://sapl.primaveradoleste.mt.leg.br/media/sapl/public/materialegislativa/2025/4716/indicacao_placas_de_sinalizacao_buritis_assinado.pdf","data_ultima_atualizacao":"2025-04-14T11:28:45.693888-04:00","ip":"","ultima_edicao":null,"tipo":18,"regime_tramitacao":1,"tipo_origem_externa":null,"local_origem_externa":null,"user":null,"anexadas":[],"autores":[127]}