{"id":4709,"__str__":"Indica\u00e7\u00e3o n\u00ba 318 de 2025","link_detail_backend":"/materia/4709","metadata":{"signs":{"texto_original":{"admin":[],"autores":[["Marcondes Martignago",["2025-04-09T15:21:58-03:00","Gov-Br"]],["Rogerio Henrique de Araujo",["2025-04-09T16:02:04-03:00","Gov-Br"]]]}}},"numero":318,"ano":2025,"numero_protocolo":323,"data_apresentacao":"2025-04-10","tipo_apresentacao":"","data_publicacao":null,"numero_origem_externa":"","ano_origem_externa":null,"data_origem_externa":null,"apelido":"","dias_prazo":null,"data_fim_prazo":null,"em_tramitacao":false,"polemica":false,"objeto":"","complementar":false,"ementa":"ser extremamente importante a realiza\u00e7\u00e3o de estudos com o objetivo de desenvolver e implantar Coberturas Padronizadas nos Pontos de Parada de \u00d4nibus na zona urbana","indexacao":"","observacao":"","resultado":"","texto_original":"http://sapl.primaveradoleste.mt.leg.br/media/sapl/public/materialegislativa/2025/4709/indica_padronizacao_das_coberturas_de_pontos_de_onibus._assinado_assinado.pdf","data_ultima_atualizacao":"2025-04-14T11:26:16.133629-04:00","ip":"","ultima_edicao":null,"tipo":18,"regime_tramitacao":1,"tipo_origem_externa":null,"local_origem_externa":null,"user":null,"anexadas":[],"autores":[129]}