{"id":4658,"__str__":"Indica\u00e7\u00e3o n\u00ba 281 de 2025","link_detail_backend":"/materia/4658","metadata":{"signs":{"texto_original":{"admin":[],"autores":[["Marcondes Martignago",["2025-04-02T10:53:05-03:00","Gov-Br"]]]}}},"numero":281,"ano":2025,"numero_protocolo":286,"data_apresentacao":"2025-04-02","tipo_apresentacao":"","data_publicacao":null,"numero_origem_externa":"","ano_origem_externa":null,"data_origem_externa":null,"apelido":"","dias_prazo":null,"data_fim_prazo":null,"em_tramitacao":false,"polemica":false,"objeto":"","complementar":false,"ementa":"realiza\u00e7\u00e3o de estudos de viabilidade de manuten\u00e7\u00e3o em funcionamento, em locais estrategicamente escolhidos, de tantas EMEI\u2019s, quantas forem necess\u00e1rias, no per\u00edodo de f\u00e9rias/recesso escolar","indexacao":"","observacao":"","resultado":"","texto_original":"http://sapl.primaveradoleste.mt.leg.br/media/sapl/public/materialegislativa/2025/4658/abertura_de_emei27s_no_periodo_de_ferias_escolar._assinado.pdf","data_ultima_atualizacao":"2025-04-07T11:36:08.907098-04:00","ip":"","ultima_edicao":null,"tipo":18,"regime_tramitacao":1,"tipo_origem_externa":null,"local_origem_externa":null,"user":null,"anexadas":[],"autores":[129]}