{"id":4656,"__str__":"Indica\u00e7\u00e3o n\u00ba 280 de 2025","link_detail_backend":"/materia/4656","metadata":{},"numero":280,"ano":2025,"numero_protocolo":285,"data_apresentacao":"2025-04-02","tipo_apresentacao":"","data_publicacao":null,"numero_origem_externa":"","ano_origem_externa":null,"data_origem_externa":null,"apelido":"","dias_prazo":null,"data_fim_prazo":null,"em_tramitacao":false,"polemica":false,"objeto":"","complementar":false,"ementa":"Solicito a revitaliza\u00e7\u00e3o da pintura dos meios-fios e placas de indica\u00e7\u00e3o do nome das ruas, no Bairro Jardim Floren\u00e7a.","indexacao":"","observacao":"","resultado":"","texto_original":"http://sapl.primaveradoleste.mt.leg.br/media/sapl/public/materialegislativa/2025/4656/indicacao_pintura_dos_meios_fios_e_placas_da_ruas_jardim_florenca.pdf","data_ultima_atualizacao":"2025-04-07T11:35:08.807954-04:00","ip":"","ultima_edicao":null,"tipo":18,"regime_tramitacao":1,"tipo_origem_externa":null,"local_origem_externa":null,"user":null,"anexadas":[],"autores":[123]}