{"id":4640,"__str__":"Indica\u00e7\u00e3o n\u00ba 268 de 2025","link_detail_backend":"/materia/4640","metadata":{"signs":{"texto_original":{"admin":[],"autores":[["Eraldo Goncalves Fortes",["2025-03-27T10:28:57-03:00","Gov-Br"]]]}}},"numero":268,"ano":2025,"numero_protocolo":273,"data_apresentacao":"2025-03-27","tipo_apresentacao":"","data_publicacao":null,"numero_origem_externa":"","ano_origem_externa":null,"data_origem_externa":null,"apelido":"","dias_prazo":null,"data_fim_prazo":null,"em_tramitacao":false,"polemica":false,"objeto":"","complementar":false,"ementa":"Indica\u00e7\u00e3o para habilita\u00e7\u00e3o do servi\u00e7o de Oficina Ortop\u00e9dica Regional e da equipe t\u00e9cnica junto ao Minist\u00e9rio da Sa\u00fade, consolidando Primavera do Leste como refer\u00eancia regional.","indexacao":"","observacao":"","resultado":"","texto_original":"http://sapl.primaveradoleste.mt.leg.br/media/sapl/public/materialegislativa/2025/4640/indicacao_habilitacao_do_servico_de_oficina_ortopedica_como_referencia_regional_008_assinado_1.pdf","data_ultima_atualizacao":"2025-04-01T10:58:31.795959-04:00","ip":"","ultima_edicao":null,"tipo":18,"regime_tramitacao":1,"tipo_origem_externa":null,"local_origem_externa":null,"user":null,"anexadas":[],"autores":[46]}