{"id":4627,"__str__":"Indica\u00e7\u00e3o n\u00ba 257 de 2025","link_detail_backend":"/materia/4627","metadata":{"signs":{"texto_original":{"admin":[],"autores":[["Sergio Rodrigues Goncalves",["2025-03-27T09:15:45-03:00","Gov-Br"]]]}}},"numero":257,"ano":2025,"numero_protocolo":262,"data_apresentacao":"2025-03-27","tipo_apresentacao":"","data_publicacao":null,"numero_origem_externa":"","ano_origem_externa":null,"data_origem_externa":null,"apelido":"","dias_prazo":null,"data_fim_prazo":null,"em_tramitacao":false,"polemica":false,"objeto":"","complementar":false,"ementa":"\u00b4\u00b4 SOLICITO A INSTALA\u00c7\u00c3O DE CAMERAS DE SEGURAN\u00c7A EM TODAS AS UNIDADES DE SA\u00daDE DO MUNIC\u00cdPIO, PARA GARANTIR A SEGURAN\u00c7A DOS PROFISSIONAIS QUE ALI TRABALHAM, E TAMB\u00c9M, AOS PACIENTES QUE EST\u00c3O RECEBENDO OU AGUARDANDO ATENDIMENTO.``","indexacao":"","observacao":"","resultado":"","texto_original":"http://sapl.primaveradoleste.mt.leg.br/media/sapl/public/materialegislativa/2025/4627/indicacao_-_instalacao_de_cameras_de_seguranca_nas_unidades_de_saude_assinado.pdf","data_ultima_atualizacao":"2025-04-01T11:02:57.178760-04:00","ip":"","ultima_edicao":null,"tipo":18,"regime_tramitacao":1,"tipo_origem_externa":null,"local_origem_externa":null,"user":null,"anexadas":[],"autores":[102]}