{"id":4529,"__str__":"Indica\u00e7\u00e3o n\u00ba 170 de 2025","link_detail_backend":"/materia/4529","metadata":{"signs":{"texto_original":{"admin":[],"autores":[["Marcondes Martignago",["2025-03-06T10:59:54-03:00","Gov-Br"]],["Uberdan Junior Moesch",["2025-03-06T11:19:28-03:00","Gov-Br"]]]}}},"numero":170,"ano":2025,"numero_protocolo":175,"data_apresentacao":"2025-03-06","tipo_apresentacao":"","data_publicacao":null,"numero_origem_externa":"","ano_origem_externa":null,"data_origem_externa":null,"apelido":"","dias_prazo":null,"data_fim_prazo":null,"em_tramitacao":false,"polemica":false,"objeto":"","complementar":false,"ementa":"Estudar a viabilidade t\u00e9cnica da constru\u00e7\u00e3o de uma FAIXA ELEVADA DE PEDESTRES, pr\u00f3xima ao Port\u00e3o de entrada/sa\u00edda do Programa CONVIVER, na Rua Curitiba, 1.111, centro de Primavera do Leste.","indexacao":"","observacao":"","resultado":"","texto_original":"http://sapl.primaveradoleste.mt.leg.br/media/sapl/public/materialegislativa/2025/4529/indicacao_construcao_faixa_elevada_de_pedestres_em_frente_ao_conviver._assinado_assinado.pdf","data_ultima_atualizacao":"2025-03-10T11:25:37.729090-04:00","ip":"","ultima_edicao":null,"tipo":18,"regime_tramitacao":1,"tipo_origem_externa":null,"local_origem_externa":null,"user":null,"anexadas":[],"autores":[129,127]}