{"id":4481,"__str__":"Indica\u00e7\u00e3o n\u00ba 134 de 2025","link_detail_backend":"/materia/4481","metadata":{"signs":{"texto_original":{"admin":[],"autores":[["Lucas Telles dos Passos",["2025-02-20T12:40:55-03:00","Gov-Br"]],["Marcondes Martignago",["2025-02-20T12:38:56-03:00","Gov-Br"]]]}}},"numero":134,"ano":2025,"numero_protocolo":139,"data_apresentacao":"2025-02-20","tipo_apresentacao":"","data_publicacao":null,"numero_origem_externa":"","ano_origem_externa":null,"data_origem_externa":null,"apelido":"","dias_prazo":null,"data_fim_prazo":null,"em_tramitacao":false,"polemica":false,"objeto":"","complementar":false,"ementa":"a necessidade de envidar esfor\u00e7os, visando ampliar o n\u00famero de vagas oferecidas com Fonoaudi\u00f3logos, Psic\u00f3logos e Neuropediatras na Sa\u00fade P\u00fablica Municipal, para alunos de 4 a 6 anos (Pr\u00e9-Escolar) e de 7 a 11 anos (Ensino Fundamental I), priorizando o atendimento aos matriculados na Rede P\u00fablica Municipal de Ensino.","indexacao":"","observacao":"","resultado":"","texto_original":"http://sapl.primaveradoleste.mt.leg.br/media/sapl/public/materialegislativa/2025/4481/indicacao_psicologos2c_fonoaudiologos_e_neuropediatras._novo_assinado_assinado.pdf","data_ultima_atualizacao":"2025-02-25T10:57:35.743956-04:00","ip":"","ultima_edicao":null,"tipo":18,"regime_tramitacao":1,"tipo_origem_externa":null,"local_origem_externa":null,"user":null,"anexadas":[],"autores":[129,125]}