{"id":4462,"__str__":"Indica\u00e7\u00e3o n\u00ba 119 de 2025","link_detail_backend":"/materia/4462","metadata":{"signs":{"texto_original":{"admin":[],"autores":[["Marco Aurelio Sales Ferreira de Moraes",["2025-02-18T16:43:01-03:00","Gov-Br"]]]}}},"numero":119,"ano":2025,"numero_protocolo":120,"data_apresentacao":"2025-02-19","tipo_apresentacao":"","data_publicacao":null,"numero_origem_externa":"","ano_origem_externa":null,"data_origem_externa":null,"apelido":"","dias_prazo":null,"data_fim_prazo":null,"em_tramitacao":false,"polemica":false,"objeto":"","complementar":false,"ementa":"Solicita\u00e7\u00e3o de Elabora\u00e7\u00e3o de Plano Or\u00e7ament\u00e1rio para Drenagem e Recapagem do Distrito Industrial Jos\u00e9 de Alencar.","indexacao":"","observacao":"","resultado":"","texto_original":"http://sapl.primaveradoleste.mt.leg.br/media/sapl/public/materialegislativa/2025/4462/indicacao_-_drenagem_e_recapagem_do_distrito_industrial_jose_de_alencar_-_marco_aurelio_assinado.pdf","data_ultima_atualizacao":"2025-02-25T10:56:19.226369-04:00","ip":"","ultima_edicao":null,"tipo":18,"regime_tramitacao":1,"tipo_origem_externa":null,"local_origem_externa":null,"user":null,"anexadas":[],"autores":[122]}