{"id":4418,"__str__":"Indica\u00e7\u00e3o n\u00ba 80 de 2025","link_detail_backend":"/materia/4418","metadata":{"signs":{"texto_original":{"admin":[],"autores":[["Eraldo Goncalves Fortes",["2025-02-12T11:01:41-03:00","Gov-Br"]]]}}},"numero":80,"ano":2025,"numero_protocolo":80,"data_apresentacao":"2025-02-13","tipo_apresentacao":"","data_publicacao":null,"numero_origem_externa":"","ano_origem_externa":null,"data_origem_externa":null,"apelido":"","dias_prazo":null,"data_fim_prazo":null,"em_tramitacao":false,"polemica":false,"objeto":"","complementar":false,"ementa":"Indica\u00e7\u00e3o Amplia\u00e7\u00e3o da Cl\u00ednica da Mulher e Implanta\u00e7\u00e3o de Atendimento Especializado para Gestantes em Regime de 12h, com Possibilidade de Expans\u00e3o para 24 h, Melhorando a Qualidade do Atendimento Materno infantil","indexacao":"","observacao":"","resultado":"","texto_original":"http://sapl.primaveradoleste.mt.leg.br/media/sapl/public/materialegislativa/2025/4418/indicacao_ampliacao_da_clinica_da_mulher_assinado.pdf","data_ultima_atualizacao":"2025-02-20T10:17:10.077712-04:00","ip":"","ultima_edicao":null,"tipo":18,"regime_tramitacao":1,"tipo_origem_externa":null,"local_origem_externa":null,"user":null,"anexadas":[],"autores":[46]}