{"id":4406,"__str__":"Indica\u00e7\u00e3o n\u00ba 72 de 2025","link_detail_backend":"/materia/4406","metadata":{"signs":{"texto_original":{"admin":[],"autores":[["Sergio Rodrigues Goncalves",["2025-02-07T12:22:41-03:00","Gov-Br"]]]}}},"numero":72,"ano":2025,"numero_protocolo":72,"data_apresentacao":"2025-02-11","tipo_apresentacao":"","data_publicacao":null,"numero_origem_externa":"","ano_origem_externa":null,"data_origem_externa":null,"apelido":"","dias_prazo":null,"data_fim_prazo":null,"em_tramitacao":false,"polemica":false,"objeto":"","complementar":false,"ementa":"\u201cSolicitado ao Chefe do Executivo que envie a esta Casa de Leis, Projeto de Lei que conceda vale-alimenta\u00e7\u00e3o aos Funcion\u00e1rios P\u00fablicos do\r\nMunic\u00edpio de Primavera Do Leste \u2013 MT\u201d.","indexacao":"","observacao":"","resultado":"","texto_original":"http://sapl.primaveradoleste.mt.leg.br/media/sapl/public/materialegislativa/2025/4406/indicacao_vale-alimentacao_assinado_1.pdf","data_ultima_atualizacao":"2025-02-20T10:18:01.496636-04:00","ip":"","ultima_edicao":null,"tipo":18,"regime_tramitacao":1,"tipo_origem_externa":null,"local_origem_externa":null,"user":null,"anexadas":[],"autores":[102]}