{"id":4401,"__str__":"Indica\u00e7\u00e3o n\u00ba 69 de 2025","link_detail_backend":"/materia/4401","metadata":{"signs":{"texto_original":{"admin":[],"autores":[["Rafael Pereira de Abreu",["2025-02-09T18:32:15-03:00","Gov-Br"]]]}}},"numero":69,"ano":2025,"numero_protocolo":69,"data_apresentacao":"2025-02-10","tipo_apresentacao":"","data_publicacao":null,"numero_origem_externa":"","ano_origem_externa":null,"data_origem_externa":null,"apelido":"","dias_prazo":null,"data_fim_prazo":null,"em_tramitacao":false,"polemica":false,"objeto":"","complementar":false,"ementa":"\u201cSolicito a presen\u00e7a de monitores nos \u00f4nibus escolares que transportam crian\u00e7as com idade inferior a 12 anos no munic\u00edpio de Primavera do Leste \r\n\u2013 MT\u201d.","indexacao":"","observacao":"","resultado":"","texto_original":"http://sapl.primaveradoleste.mt.leg.br/media/sapl/public/materialegislativa/2025/4401/indicacao_vereador_rafael_-_monitor_escolar__assinado.pdf","data_ultima_atualizacao":"2025-02-20T10:18:25.008301-04:00","ip":"","ultima_edicao":null,"tipo":18,"regime_tramitacao":1,"tipo_origem_externa":null,"local_origem_externa":null,"user":null,"anexadas":[],"autores":[104]}