{"id":4400,"__str__":"Indica\u00e7\u00e3o n\u00ba 68 de 2025","link_detail_backend":"/materia/4400","metadata":{"signs":{"texto_original":{"admin":[],"autores":[["Rafael Pereira de Abreu",["2025-02-09T18:39:00-03:00","Gov-Br"]]]}}},"numero":68,"ano":2025,"numero_protocolo":68,"data_apresentacao":"2025-02-10","tipo_apresentacao":"","data_publicacao":null,"numero_origem_externa":"","ano_origem_externa":null,"data_origem_externa":null,"apelido":"","dias_prazo":null,"data_fim_prazo":null,"em_tramitacao":false,"polemica":false,"objeto":"","complementar":false,"ementa":"\u201cSolicito uma folga anual para todos os servidores p\u00fablicos municipais do munic\u00edpio de Primavera do Leste, ao dia de seu anivers\u00e1rio natal\u00edcio.\u201d","indexacao":"","observacao":"","resultado":"","texto_original":"http://sapl.primaveradoleste.mt.leg.br/media/sapl/public/materialegislativa/2025/4400/indicacao_vereador_rafael_-_folga_no_aniversario_28329_assinado.pdf","data_ultima_atualizacao":"2025-02-20T10:18:35.361886-04:00","ip":"","ultima_edicao":null,"tipo":18,"regime_tramitacao":1,"tipo_origem_externa":null,"local_origem_externa":null,"user":null,"anexadas":[],"autores":[104]}