{"id":4399,"__str__":"Indica\u00e7\u00e3o n\u00ba 67 de 2025","link_detail_backend":"/materia/4399","metadata":{"signs":{"texto_original":{"admin":[],"autores":[["Rafael Pereira de Abreu",["2025-02-09T18:34:50-03:00","Gov-Br"]]]}}},"numero":67,"ano":2025,"numero_protocolo":67,"data_apresentacao":"2025-02-10","tipo_apresentacao":"","data_publicacao":null,"numero_origem_externa":"","ano_origem_externa":null,"data_origem_externa":null,"apelido":"","dias_prazo":null,"data_fim_prazo":null,"em_tramitacao":false,"polemica":false,"objeto":"","complementar":false,"ementa":"\u201cSolicito a cria\u00e7\u00e3o do projeto f\u00e9rias sem fome, onde as escolas p\u00fablicas (municipais) forne\u00e7am a merenda durante o per\u00edodo de f\u00e9rias e ressesso.\u201d","indexacao":"","observacao":"","resultado":"","texto_original":"http://sapl.primaveradoleste.mt.leg.br/media/sapl/public/materialegislativa/2025/4399/indicacao_ferias_sem_fome_assinado.pdf","data_ultima_atualizacao":"2025-02-20T10:18:53.695794-04:00","ip":"","ultima_edicao":null,"tipo":18,"regime_tramitacao":1,"tipo_origem_externa":null,"local_origem_externa":null,"user":null,"anexadas":[],"autores":[104]}