{"id":4261,"__str__":"Indica\u00e7\u00e3o n\u00ba 168 de 2024","link_detail_backend":"/materia/4261","metadata":{},"numero":168,"ano":2024,"numero_protocolo":176,"data_apresentacao":"2024-09-27","tipo_apresentacao":"","data_publicacao":null,"numero_origem_externa":"","ano_origem_externa":null,"data_origem_externa":null,"apelido":"","dias_prazo":null,"data_fim_prazo":null,"em_tramitacao":false,"polemica":false,"objeto":"","complementar":false,"ementa":"Indica\u00e7\u00e3o para instala\u00e7\u00e3o de faixa elevada na Rua Jeriv\u00e1, esquina com a  A.V Eldevir V. Viecilli, ESPECIALMENTE NAS PROXIMIDADES DA EMEI ERCOLINO COSTA","indexacao":"","observacao":"","resultado":"","texto_original":"http://sapl.primaveradoleste.mt.leg.br/media/sapl/public/materialegislativa/2024/4261/faixa_elevada_colegio_emei_ercolino_costa.pdf","data_ultima_atualizacao":"2024-10-01T07:18:44.158322-04:00","ip":"","ultima_edicao":null,"tipo":18,"regime_tramitacao":1,"tipo_origem_externa":null,"local_origem_externa":null,"user":null,"anexadas":[],"autores":[105]}