{"id":408,"__str__":"Projeto de Lei Ordin\u00e1ria n\u00ba 967 de 2019","link_detail_backend":"/materia/408","metadata":{},"numero":967,"ano":2019,"numero_protocolo":331,"data_apresentacao":"2019-06-05","tipo_apresentacao":"","data_publicacao":null,"numero_origem_externa":"","ano_origem_externa":null,"data_origem_externa":null,"apelido":"","dias_prazo":null,"data_fim_prazo":null,"em_tramitacao":false,"polemica":null,"objeto":"","complementar":null,"ementa":"Torna obrigat\u00f3ria a disponibiliza\u00e7\u00e3o de cadeiras de rodas nas ag\u00eancias banc\u00e1rias de Primavera do Leste, para atendimento \u00e0s pessoas portadoras de necessidades especiais, idosos ou com mobilidade reduzida no Munic\u00edpio de Primavera do Leste \u2013 MT, e da outras provid\u00eancias.","indexacao":"","observacao":"","resultado":"","texto_original":"http://sapl.primaveradoleste.mt.leg.br/media/sapl/public/materialegislativa/2019/408/projeto_de_lei_967_2019.pdf","data_ultima_atualizacao":"2019-09-16T20:27:36.816891-04:00","ip":"","ultima_edicao":null,"tipo":19,"regime_tramitacao":1,"tipo_origem_externa":null,"local_origem_externa":null,"user":null,"anexadas":[],"autores":[3,11]}