{"id":4030,"__str__":"Indica\u00e7\u00e3o n\u00ba 39 de 2024","link_detail_backend":"/materia/4030","metadata":{"signs":{"texto_original":{"admin":[],"autores":[["Jose Paulo Zancanaro",["2024-02-26T11:11:46-03:00","Gov-Br"]]]}}},"numero":39,"ano":2024,"numero_protocolo":42,"data_apresentacao":"2024-02-27","tipo_apresentacao":"","data_publicacao":null,"numero_origem_externa":"","ano_origem_externa":null,"data_origem_externa":null,"apelido":"","dias_prazo":null,"data_fim_prazo":null,"em_tramitacao":false,"polemica":false,"objeto":"","complementar":false,"ementa":"Solicito a retirada de \u00e1rvores das margens da Rodovia MT-486, especificamente aquelas que est\u00e3o se inclinando para o lado da rodovia, causando obstru\u00e7\u00e3o e atrapalhando a circula\u00e7\u00e3o de caminh\u00f5es com transporte de m\u00e1quinas e gr\u00e3os, em especial na travessia do Rio Perdidos.","indexacao":"","observacao":"","resultado":"","texto_original":"http://sapl.primaveradoleste.mt.leg.br/media/sapl/public/materialegislativa/2024/4030/014-_corte_de_avore_rodovia_bareta_28129_assinado.pdf","data_ultima_atualizacao":"2024-03-05T09:50:44.459498-04:00","ip":"","ultima_edicao":null,"tipo":18,"regime_tramitacao":1,"tipo_origem_externa":null,"local_origem_externa":null,"user":null,"anexadas":[],"autores":[94]}