{"id":3861,"__str__":"Indica\u00e7\u00e3o n\u00ba 462 de 2023","link_detail_backend":"/materia/3861","metadata":{"signs":{"texto_original":{"admin":[],"autores":[["Karla Jackeline da Silva Souza",["2023-10-09T10:35:26-03:00","Gov-Br"]]]}}},"numero":462,"ano":2023,"numero_protocolo":514,"data_apresentacao":"2023-10-09","tipo_apresentacao":"","data_publicacao":null,"numero_origem_externa":"","ano_origem_externa":null,"data_origem_externa":null,"apelido":"","dias_prazo":null,"data_fim_prazo":null,"em_tramitacao":false,"polemica":false,"objeto":"","complementar":false,"ementa":"Indico a substitui\u00e7\u00e3o da Escola Estadual Maria Sebastiana para Escola Municipal, com a nomea\u00e7\u00e3o de Dejane Pereira da Silva .","indexacao":"","observacao":"","resultado":"","texto_original":"http://sapl.primaveradoleste.mt.leg.br/media/sapl/public/materialegislativa/2023/3861/escola_dejane_assinado.pdf","data_ultima_atualizacao":"2023-11-08T07:54:57.637898-04:00","ip":"","ultima_edicao":null,"tipo":18,"regime_tramitacao":1,"tipo_origem_externa":null,"local_origem_externa":null,"user":null,"anexadas":[],"autores":[99]}