{"id":383,"__str__":"Indica\u00e7\u00e3o n\u00ba 337 de 2019","link_detail_backend":"/materia/383","metadata":{},"numero":337,"ano":2019,"numero_protocolo":312,"data_apresentacao":"2019-05-28","tipo_apresentacao":"","data_publicacao":null,"numero_origem_externa":"","ano_origem_externa":null,"data_origem_externa":null,"apelido":"","dias_prazo":null,"data_fim_prazo":null,"em_tramitacao":false,"polemica":null,"objeto":"","complementar":null,"ementa":"Instala\u00e7\u00e3o de c\u00e2meras de monitoramento nas entradas e sa\u00eddas de nosso munic\u00edpio, viabilizando maior seguran\u00e7a em nossa cidade.","indexacao":"","observacao":"","resultado":"","texto_original":"http://sapl.primaveradoleste.mt.leg.br/media/sapl/public/materialegislativa/2019/383/indicacao_instalacao_de_cameras.pdf","data_ultima_atualizacao":"2019-06-19T07:20:26.654818-04:00","ip":"","ultima_edicao":null,"tipo":18,"regime_tramitacao":1,"tipo_origem_externa":null,"local_origem_externa":null,"user":null,"anexadas":[],"autores":[10,14]}