{"id":3799,"__str__":"Indica\u00e7\u00e3o n\u00ba 428 de 2023","link_detail_backend":"/materia/3799","metadata":{"signs":{"texto_original":{"admin":[],"autores":[["Jose Paulo Zancanaro",["2023-09-04T13:08:06-03:00","Gov-Br"]]]}}},"numero":428,"ano":2023,"numero_protocolo":475,"data_apresentacao":"2023-09-05","tipo_apresentacao":"","data_publicacao":null,"numero_origem_externa":"","ano_origem_externa":null,"data_origem_externa":null,"apelido":"","dias_prazo":null,"data_fim_prazo":null,"em_tramitacao":false,"polemica":false,"objeto":"","complementar":false,"ementa":"Solicito que seja constru\u00edda cal\u00e7ada \u00e0s margens da Avenida Siriema, de ambos os lados, da parte central do bairro Tuiui\u00fa at\u00e9 o encontro com a Avenida Eldevir Victorino Vi\u00e9cili.","indexacao":"","observacao":"","resultado":"","texto_original":"http://sapl.primaveradoleste.mt.leg.br/media/sapl/public/materialegislativa/2023/3799/014-_calcamento_tuiuiu_assinado.pdf","data_ultima_atualizacao":"2023-09-12T07:46:57.318741-04:00","ip":"","ultima_edicao":null,"tipo":18,"regime_tramitacao":1,"tipo_origem_externa":null,"local_origem_externa":null,"user":null,"anexadas":[],"autores":[94]}