{"id":3791,"__str__":"Indica\u00e7\u00e3o n\u00ba 423 de 2023","link_detail_backend":"/materia/3791","metadata":{},"numero":423,"ano":2023,"numero_protocolo":470,"data_apresentacao":"2023-08-30","tipo_apresentacao":"","data_publicacao":null,"numero_origem_externa":"","ano_origem_externa":null,"data_origem_externa":null,"apelido":"","dias_prazo":null,"data_fim_prazo":null,"em_tramitacao":false,"polemica":false,"objeto":"","complementar":false,"ementa":"Solicita que seja feito recapeamento tapa buracos na Avenida Dom Sebasti\u00e3o Figueiredo no trecho que compreende do F\u00f3rum at\u00e9 a rotat\u00f3ria esquina com a Avenida Dom Sebasti\u00e3o Figueiredo - Bairro Jardim das Am\u00e9ricas.","indexacao":"","observacao":"","resultado":"","texto_original":"http://sapl.primaveradoleste.mt.leg.br/media/sapl/public/materialegislativa/2023/3791/recapeamento_avenida_dom_sebastiao.pdf","data_ultima_atualizacao":"2023-09-06T08:30:34.986735-04:00","ip":"","ultima_edicao":null,"tipo":18,"regime_tramitacao":1,"tipo_origem_externa":null,"local_origem_externa":null,"user":null,"anexadas":[],"autores":[10]}