{"id":3779,"__str__":"Projeto de Resolu\u00e7\u00e3o n\u00ba 18 de 2023","link_detail_backend":"/materia/3779","metadata":{"signs":{"texto_original":{"admin":[],"autores":[["Valdecir Alventino da Silva",["2023-08-23T13:28:56-03:00","Gov-Br"]]]}}},"numero":18,"ano":2023,"numero_protocolo":null,"data_apresentacao":"2023-08-24","tipo_apresentacao":"E","data_publicacao":null,"numero_origem_externa":"","ano_origem_externa":null,"data_origem_externa":null,"apelido":"","dias_prazo":null,"data_fim_prazo":null,"em_tramitacao":false,"polemica":false,"objeto":"","complementar":false,"ementa":"Disp\u00f5e sobre Plano de Contrata\u00e7\u00f5es Anual, de que trata o arts. 12, VII e 18, da Lei no 14.133, de 2021, no \u00e2mbito do Poder Legislativo de Primavera do Leste.","indexacao":"","observacao":"","resultado":"","texto_original":"http://sapl.primaveradoleste.mt.leg.br/media/sapl/public/materialegislativa/2023/3779/projeto_de_resolucao_018_-_2023_-ok_pac_uma_das_primeiras_assinado.pdf","data_ultima_atualizacao":"2023-09-20T09:12:13.618139-04:00","ip":"200.11.14.134","ultima_edicao":"2023-08-24T08:54:58.184815-04:00","tipo":24,"regime_tramitacao":1,"tipo_origem_externa":null,"local_origem_externa":null,"user":65,"anexadas":[],"autores":[78]}