{"id":3739,"__str__":"Projeto de Lei Ordin\u00e1ria n\u00ba 1482 de 2023","link_detail_backend":"/materia/3739","metadata":{},"numero":1482,"ano":2023,"numero_protocolo":null,"data_apresentacao":"2023-08-02","tipo_apresentacao":"E","data_publicacao":null,"numero_origem_externa":"","ano_origem_externa":null,"data_origem_externa":null,"apelido":"","dias_prazo":null,"data_fim_prazo":null,"em_tramitacao":false,"polemica":false,"objeto":"","complementar":false,"ementa":"Autoriza a utiliza\u00e7\u00e3o do espa\u00e7o do Teatro Municipal e do Centro Cultural Evangeline Alcantara Takeuchi e d\u00e1 outras provid\u00eancias.","indexacao":"","observacao":"","resultado":"","texto_original":"http://sapl.primaveradoleste.mt.leg.br/media/sapl/public/materialegislativa/2023/3739/projeto_de_lei_1482.pdf","data_ultima_atualizacao":"2023-08-28T10:27:37.593383-04:00","ip":"200.11.14.134","ultima_edicao":"2023-08-02T12:23:20.065814-04:00","tipo":19,"regime_tramitacao":1,"tipo_origem_externa":null,"local_origem_externa":null,"user":31,"anexadas":[],"autores":[30]}