{"id":3726,"__str__":"Indica\u00e7\u00e3o n\u00ba 388 de 2023","link_detail_backend":"/materia/3726","metadata":{},"numero":388,"ano":2023,"numero_protocolo":431,"data_apresentacao":"2023-07-17","tipo_apresentacao":"","data_publicacao":null,"numero_origem_externa":"","ano_origem_externa":null,"data_origem_externa":null,"apelido":"","dias_prazo":null,"data_fim_prazo":null,"em_tramitacao":false,"polemica":false,"objeto":"","complementar":false,"ementa":"SOLICITO A EXTENS\u00c3O DO CENTRO DE REABILITA\u00c7\u00c3O EXCLUSIVO PARA O ATENDIMENTO DE CRIAN\u00c7AS COM DIFICULDADE COGNITIVA NA PRIMEIRA INFANCIA.","indexacao":"","observacao":"","resultado":"","texto_original":"http://sapl.primaveradoleste.mt.leg.br/media/sapl/public/materialegislativa/2023/3726/aaaaaaaaaaaindicacao_corrigido_extensao_do_centro_de_reabilitacao_corrigido_29_assinado.pdf","data_ultima_atualizacao":"2023-08-15T10:36:52.946481-04:00","ip":"","ultima_edicao":null,"tipo":18,"regime_tramitacao":1,"tipo_origem_externa":null,"local_origem_externa":null,"user":null,"anexadas":[],"autores":[93]}