{"id":3683,"__str__":"Indica\u00e7\u00e3o n\u00ba 360 de 2023","link_detail_backend":"/materia/3683","metadata":{},"numero":360,"ano":2023,"numero_protocolo":400,"data_apresentacao":"2023-06-28","tipo_apresentacao":"","data_publicacao":null,"numero_origem_externa":"","ano_origem_externa":null,"data_origem_externa":null,"apelido":"","dias_prazo":null,"data_fim_prazo":null,"em_tramitacao":false,"polemica":false,"objeto":"","complementar":false,"ementa":"A indica\u00e7\u00e3o de termos em Primavera do Leste um Ecoponto no bairro Castel\u00e2ndia pois o bairro est\u00e1 sem. Os moradores daquela regi\u00e3o, e at\u00e9 bairros pr\u00f3ximos como Jardim Progresso, S\u00e3o Jos\u00e9 e Castel\u00e2ndia I,II,III est\u00e1 em falta. Devemos programar um dia da semana em cada bairro com \u201c projeto caminh\u00e3o pega tudo\u201d,  \"Cata tudo\".","indexacao":"","observacao":"","resultado":"","texto_original":"http://sapl.primaveradoleste.mt.leg.br/media/sapl/public/materialegislativa/2023/3683/4.pdf","data_ultima_atualizacao":"2023-09-20T09:40:33.623175-04:00","ip":"","ultima_edicao":null,"tipo":18,"regime_tramitacao":1,"tipo_origem_externa":null,"local_origem_externa":null,"user":null,"anexadas":[],"autores":[106]}