{"id":3631,"__str__":"Requerimento n\u00ba 11 de 2023","link_detail_backend":"/materia/3631","metadata":{},"numero":11,"ano":2023,"numero_protocolo":null,"data_apresentacao":"2023-06-30","tipo_apresentacao":"","data_publicacao":null,"numero_origem_externa":"","ano_origem_externa":null,"data_origem_externa":null,"apelido":"","dias_prazo":null,"data_fim_prazo":null,"em_tramitacao":false,"polemica":false,"objeto":"","complementar":false,"ementa":"Denunciar e requerer instaura\u00e7\u00e3o de Processo Pol\u00edtico-Administrativo Disciplinar COM PEDIDO DE PERDA DE\r\nMANDATO DE VEREADOR POR QUEBRA DE DECORO PARLAMENTAR, em face de\r\nMANOEL MAZZUTTI NETO.","indexacao":"","observacao":"","resultado":"","texto_original":null,"data_ultima_atualizacao":"2023-09-21T09:32:35.019242-04:00","ip":"200.11.14.134","ultima_edicao":"2023-06-01T11:48:37.981380-04:00","tipo":22,"regime_tramitacao":1,"tipo_origem_externa":null,"local_origem_externa":null,"user":31,"anexadas":[],"autores":[107]}