{"id":362,"__str__":"Indica\u00e7\u00e3o n\u00ba 324 de 2019","link_detail_backend":"/materia/362","metadata":{},"numero":324,"ano":2019,"numero_protocolo":292,"data_apresentacao":"2019-05-23","tipo_apresentacao":"","data_publicacao":null,"numero_origem_externa":"","ano_origem_externa":null,"data_origem_externa":null,"apelido":"","dias_prazo":null,"data_fim_prazo":null,"em_tramitacao":false,"polemica":null,"objeto":"","complementar":null,"ementa":"indica\u00e7\u00e3o ao Chefe do Executivo Municipal de denomina\u00e7\u00e3o \u00e0 Pra\u00e7a P\u00fablica de Jo\u00e3o e Maria Machnic, pra\u00e7a esta a ser inaugurada no bairro Jardim Riva em nossa cidade","indexacao":"","observacao":"","resultado":"","texto_original":"http://sapl.primaveradoleste.mt.leg.br/media/sapl/public/materialegislativa/2019/362/indicacao_324_2019.pdf","data_ultima_atualizacao":"2019-06-19T07:18:44.784766-04:00","ip":"","ultima_edicao":null,"tipo":18,"regime_tramitacao":1,"tipo_origem_externa":null,"local_origem_externa":null,"user":null,"anexadas":[],"autores":[7]}