{"id":3549,"__str__":"Indica\u00e7\u00e3o n\u00ba 298 de 2023","link_detail_backend":"/materia/3549","metadata":{},"numero":298,"ano":2023,"numero_protocolo":307,"data_apresentacao":"2023-04-11","tipo_apresentacao":"","data_publicacao":null,"numero_origem_externa":"","ano_origem_externa":null,"data_origem_externa":null,"apelido":"","dias_prazo":null,"data_fim_prazo":null,"em_tramitacao":false,"polemica":false,"objeto":"","complementar":false,"ementa":"Solicito a reativa\u00e7\u00e3o do Gabinete de Gest\u00e3o Integrada (GGI), com C\u00e2mara Tem\u00e1tica de assuntos espec\u00edficos, entre eles, a seguran\u00e7a nas escolas.","indexacao":"","observacao":"","resultado":"","texto_original":"http://sapl.primaveradoleste.mt.leg.br/media/sapl/public/materialegislativa/2023/3549/indicacao_ggi_ok_assinado_1.pdf","data_ultima_atualizacao":"2023-04-18T10:00:43.026552-04:00","ip":"","ultima_edicao":null,"tipo":18,"regime_tramitacao":1,"tipo_origem_externa":null,"local_origem_externa":null,"user":null,"anexadas":[],"autores":[94]}