{"id":3530,"__str__":"Indica\u00e7\u00e3o n\u00ba 283 de 2023","link_detail_backend":"/materia/3530","metadata":{"signs":{"texto_original":{"admin":[],"autores":[["Vanessa Amui de Melo",["2023-03-29T12:01:58-03:00","Gov-Br"]]]}}},"numero":283,"ano":2023,"numero_protocolo":289,"data_apresentacao":"2023-03-29","tipo_apresentacao":"","data_publicacao":null,"numero_origem_externa":"","ano_origem_externa":null,"data_origem_externa":null,"apelido":"","dias_prazo":null,"data_fim_prazo":null,"em_tramitacao":false,"polemica":false,"objeto":"","complementar":false,"ementa":"Solicito que seja implantado rampas de acesso na ciclovia e constru\u00eddas cal\u00e7adas no canteiro para travessia dos pedestres na Avenida S\u00e3o Sebasti\u00e3o no bairro S\u00e3o Crist\u00f3v\u00e3o.","indexacao":"","observacao":"","resultado":"","texto_original":"http://sapl.primaveradoleste.mt.leg.br/media/sapl/public/materialegislativa/2023/3530/indicacao_016-_rampa_acesso_av._sao_sebastiao_assinado.pdf","data_ultima_atualizacao":"2023-09-21T07:27:37.181717-04:00","ip":"","ultima_edicao":null,"tipo":18,"regime_tramitacao":1,"tipo_origem_externa":null,"local_origem_externa":null,"user":null,"anexadas":[],"autores":[100]}