{"id":3529,"__str__":"Indica\u00e7\u00e3o n\u00ba 282 de 2023","link_detail_backend":"/materia/3529","metadata":{"signs":{"texto_original":{"admin":[],"autores":[["Karla Jackeline da Silva Souza",["2023-03-29T12:32:15-03:00","Gov-Br"]]]}}},"numero":282,"ano":2023,"numero_protocolo":288,"data_apresentacao":"2023-03-29","tipo_apresentacao":"","data_publicacao":null,"numero_origem_externa":"","ano_origem_externa":null,"data_origem_externa":null,"apelido":"","dias_prazo":null,"data_fim_prazo":null,"em_tramitacao":false,"polemica":false,"objeto":"","complementar":false,"ementa":"Solicito a revitaliza\u00e7\u00e3o do piso da pra\u00e7a central onde acontece o bailinho.","indexacao":"","observacao":"","resultado":"","texto_original":"http://sapl.primaveradoleste.mt.leg.br/media/sapl/public/materialegislativa/2023/3529/revitalizacao_do_piso_da_praca_central_onde_acontece_o_bailinho_assinado.pdf","data_ultima_atualizacao":"2023-09-06T08:37:57.288611-04:00","ip":"","ultima_edicao":null,"tipo":18,"regime_tramitacao":1,"tipo_origem_externa":null,"local_origem_externa":null,"user":null,"anexadas":[],"autores":[99]}