{"id":3501,"__str__":"Indica\u00e7\u00e3o n\u00ba 273 de 2023","link_detail_backend":"/materia/3501","metadata":{"signs":{"texto_original":{"admin":[],"autores":[["Sergio Rodrigues Goncalves",["2023-03-16T12:44:17-03:00","Gov-Br"]]]}}},"numero":273,"ano":2023,"numero_protocolo":272,"data_apresentacao":"2023-03-17","tipo_apresentacao":"","data_publicacao":null,"numero_origem_externa":"","ano_origem_externa":null,"data_origem_externa":null,"apelido":"","dias_prazo":null,"data_fim_prazo":null,"em_tramitacao":false,"polemica":false,"objeto":"","complementar":false,"ementa":"\u201cSolicito que seja feita a Reforma do Barrac\u00e3o da Comunidade Entre Rios, Ilumina\u00e7\u00e3o e Limpeza do P\u00e1tio\u201d.","indexacao":"","observacao":"","resultado":"","texto_original":"http://sapl.primaveradoleste.mt.leg.br/media/sapl/public/materialegislativa/2023/3501/indicacao_solicito_a_reforma_da_comunidade_entre_rios_assinado_1.pdf","data_ultima_atualizacao":"2023-09-21T07:29:46.896115-04:00","ip":"","ultima_edicao":null,"tipo":18,"regime_tramitacao":1,"tipo_origem_externa":null,"local_origem_externa":null,"user":null,"anexadas":[],"autores":[102]}