{"id":3401,"__str__":"Projeto de Lei Ordin\u00e1ria n\u00ba 1420 de 2023","link_detail_backend":"/materia/3401","metadata":{},"numero":1420,"ano":2023,"numero_protocolo":null,"data_apresentacao":"2023-02-08","tipo_apresentacao":"E","data_publicacao":null,"numero_origem_externa":"","ano_origem_externa":null,"data_origem_externa":null,"apelido":"","dias_prazo":null,"data_fim_prazo":null,"em_tramitacao":false,"polemica":false,"objeto":"","complementar":false,"ementa":"\"INSTITUI, NO \u00c2MBITO DO MUNIC\u00cdPIO DE PRIMAVERA DO LESTE, A TER\u00c7A-FEIRA DE CARNAVAL E O DIA DE CORPUS CHRISTI COMO FERIADOS\".","indexacao":"","observacao":"","resultado":"","texto_original":"http://sapl.primaveradoleste.mt.leg.br/media/sapl/public/materialegislativa/2023/3401/projeto_de_lei_1.420.pdf","data_ultima_atualizacao":"2023-06-20T10:00:12.897890-04:00","ip":"200.11.14.134","ultima_edicao":"2023-02-09T09:10:42.768303-04:00","tipo":19,"regime_tramitacao":1,"tipo_origem_externa":null,"local_origem_externa":null,"user":31,"anexadas":[],"autores":[30]}