{"id":328,"__str__":"Indica\u00e7\u00e3o n\u00ba 302 de 2019","link_detail_backend":"/materia/328","metadata":{},"numero":302,"ano":2019,"numero_protocolo":260,"data_apresentacao":"2019-05-16","tipo_apresentacao":"","data_publicacao":null,"numero_origem_externa":"","ano_origem_externa":null,"data_origem_externa":null,"apelido":"","dias_prazo":null,"data_fim_prazo":null,"em_tramitacao":false,"polemica":null,"objeto":"","complementar":null,"ementa":"Que seja criadas \u201cvagas de estacionamento com sinaliza\u00e7\u00e3o para cadeirantes, deficientes e idosos no Cart\u00f3rio do Segundo Of\u00edcio\u201d.","indexacao":"","observacao":"","resultado":"","texto_original":"http://sapl.primaveradoleste.mt.leg.br/media/sapl/public/materialegislativa/2019/328/indicacao_302_2019.pdf","data_ultima_atualizacao":"2019-05-20T19:14:41.766943-04:00","ip":"","ultima_edicao":null,"tipo":18,"regime_tramitacao":1,"tipo_origem_externa":null,"local_origem_externa":null,"user":null,"anexadas":[],"autores":[10]}