{"id":3266,"__str__":"Indica\u00e7\u00e3o n\u00ba 70 de 2023","link_detail_backend":"/materia/3266","metadata":{},"numero":70,"ano":2023,"numero_protocolo":58,"data_apresentacao":"2023-01-30","tipo_apresentacao":"","data_publicacao":null,"numero_origem_externa":"","ano_origem_externa":null,"data_origem_externa":null,"apelido":"","dias_prazo":null,"data_fim_prazo":null,"em_tramitacao":false,"polemica":false,"objeto":"","complementar":false,"ementa":"\"A presente Indica\u00e7\u00e3o para que fa\u00e7a a revitaliza\u00e7\u00e3o na Pra\u00e7a P\u00fablica Vila Popular, e Instalar parquinhos novos para as crian\u00e7as.","indexacao":"","observacao":"","resultado":"","texto_original":"http://sapl.primaveradoleste.mt.leg.br/media/sapl/public/materialegislativa/2023/3266/indicacao_070.pdf","data_ultima_atualizacao":"2024-12-19T11:49:18.702911-04:00","ip":"200.11.14.134","ultima_edicao":"2023-01-30T09:52:41.398212-04:00","tipo":18,"regime_tramitacao":1,"tipo_origem_externa":null,"local_origem_externa":null,"user":37,"anexadas":[],"autores":[95]}