{"id":3153,"__str__":"Indica\u00e7\u00e3o n\u00ba 488 de 2022","link_detail_backend":"/materia/3153","metadata":{},"numero":488,"ano":2022,"numero_protocolo":543,"data_apresentacao":"2022-10-19","tipo_apresentacao":"","data_publicacao":null,"numero_origem_externa":"","ano_origem_externa":null,"data_origem_externa":null,"apelido":"","dias_prazo":null,"data_fim_prazo":null,"em_tramitacao":false,"polemica":false,"objeto":"","complementar":false,"ementa":"Solicito que seja inclu\u00eddo junto a equipe do CREAS um Advogado (a), para realizar orienta\u00e7\u00e3o jur\u00eddica social.","indexacao":"","observacao":"","resultado":"","texto_original":"http://sapl.primaveradoleste.mt.leg.br/media/sapl/public/materialegislativa/2022/3153/indicacao_488_-2022_-_valdecir.pdf","data_ultima_atualizacao":"2022-11-01T08:03:49.366848-04:00","ip":"200.11.14.134","ultima_edicao":"2022-10-27T08:34:09.553026-04:00","tipo":18,"regime_tramitacao":1,"tipo_origem_externa":null,"local_origem_externa":null,"user":38,"anexadas":[],"autores":[78]}