{"id":2929,"__str__":"Emenda Aditiva n\u00ba 11320 de 2022","link_detail_backend":"/materia/2929","metadata":{},"numero":11320,"ano":2022,"numero_protocolo":null,"data_apresentacao":"2022-06-13","tipo_apresentacao":"E","data_publicacao":null,"numero_origem_externa":"","ano_origem_externa":null,"data_origem_externa":null,"apelido":"","dias_prazo":null,"data_fim_prazo":null,"em_tramitacao":false,"polemica":false,"objeto":"","complementar":false,"ementa":"Parecer Contr\u00e1rio da Comiss\u00e3o de Justi\u00e7a e Reda\u00e7\u00e3o a a Emenda Aditiva 001 que Acrescenta o artigo 14\u00b0 e par\u00e1grafo \u00fanico, ao Projeto de Lei Ordin\u00e1ria n\u00ba 1320/2022, que disp\u00f5e sobre a regulamenta\u00e7\u00e3o do Transporte Escolar da rede p\u00fablica de Ensino do Munic\u00edpio de Primavera do Leste - MT e d\u00e1 outras provid\u00eancias.","indexacao":"","observacao":"","resultado":"","texto_original":"http://sapl.primaveradoleste.mt.leg.br/media/sapl/public/materialegislativa/2022/2929/emenda_aditiva_001-2022_pl_1320-2022.pdf","data_ultima_atualizacao":"2024-03-06T08:51:13.290497-04:00","ip":"200.11.14.134","ultima_edicao":"2022-07-01T10:07:59.850316-04:00","tipo":31,"regime_tramitacao":1,"tipo_origem_externa":null,"local_origem_externa":null,"user":3,"anexadas":[],"autores":[96]}